{"id":570,"date":"2024-08-08T08:54:00","date_gmt":"2024-08-08T06:54:00","guid":{"rendered":"https:\/\/agora-dodes.fr\/?p=570"},"modified":"2024-08-02T08:55:07","modified_gmt":"2024-08-02T06:55:07","slug":"cooperation-et-rapports-au-travail","status":"publish","type":"post","link":"https:\/\/agora-dodes.fr\/2024\/08\/08\/cooperation-et-rapports-au-travail\/","title":{"rendered":"Coop\u00e9ration et rapports au travail"},"content":{"rendered":"","protected":false},"excerpt":{"rendered":"<p>\u00c0 l\u2019aube de son bicentenaire, le mouvement coop\u00e9ratif conna\u00eet un regain d\u2019int\u00e9r\u00eat. Souvent pr\u00e9sent\u00e9 comme une alternative face aux d\u00e9fis du capitalisme lib\u00e9ral, de la d\u00e9mocratie contemporaine et des conditions de travail, il a \u00e9volu\u00e9 et se diversifie rapidement. De nombreux chercheurs et praticiens anticipent que la coop\u00e9ration deviendra la norme de demain.<\/p>\n<p>Cependant, la coop\u00e9ration soul\u00e8ve de nombreuses questions pour les chercheurs et les professionnels. Elle transforme et complexifie les relations entre les travailleurs et leur propre travail. Cet atelier a pour objectif de favoriser un \u00e9change et une r\u00e9flexion collective sur les liens entre la coop\u00e9ration et les rapports individuels et collectifs au travail. Quels enjeux cela soul\u00e8ve-t-il pour la sociologie de l\u2019entreprise et les sciences de gestion ? Comment pouvons nous analyser ces d\u00e9fis ? Quels cadres d\u2019analyse peut-on mobiliser ? Quelles approches peuvent \u00eatre mises en \u0153uvre pour intervenir dans les coop\u00e9ratives ? Va-t-on vers une \u00ab recherche coop\u00e9rative \u00bb\u00a0?<\/p>\n","protected":false},"author":1,"featured_media":349,"comment_status":"open","ping_status":"open","sticky":false,"template":"","format":"standard","meta":{"_acf_changed":false,"_et_pb_use_builder":"","_et_pb_old_content":"","_et_gb_content_width":"","_monsterinsights_skip_tracking":false,"_monsterinsights_sitenote_active":false,"_monsterinsights_sitenote_note":"","_monsterinsights_sitenote_category":0,"_uf_show_specific_survey":0,"_uf_disable_surveys":false,"_price":"","_stock":"","_tribe_ticket_header":"","_tribe_default_ticket_provider":"","_tribe_ticket_capacity":"0","_ticket_start_date":"","_ticket_end_date":"","_tribe_ticket_show_description":"","_tribe_ticket_show_not_going":false,"_tribe_ticket_use_global_stock":"","_tribe_ticket_global_stock_level":"","_global_stock_mode":"","_global_stock_cap":"","_tribe_rsvp_for_event":"","_tribe_ticket_going_count":"","_tribe_ticket_not_going_count":"","_tribe_tickets_list":"[]","_tribe_ticket_has_attendee_info_fields":false,"footnotes":""},"categories":[9,12],"tags":[],"dipi_cpt_category":[],"class_list":["post-570","post","type-post","status-publish","format-standard","has-post-thumbnail","hentry","category-article","category-video"],"acf":[],"aioseo_notices":[],"yoast_head":"<!-- This site is optimized with the Yoast SEO plugin v23.2 - https:\/\/yoast.com\/wordpress\/plugins\/seo\/ -->\n<title>Coop\u00e9ration et rapports au travail - Agora D.O.D.E.S.<\/title>\n<meta name=\"robots\" content=\"index, follow, max-snippet:-1, max-image-preview:large, max-video-preview:-1\" \/>\n<link rel=\"canonical\" href=\"https:\/\/agora-dodes.fr\/2024\/08\/08\/cooperation-et-rapports-au-travail\/\" \/>\n<meta property=\"og:locale\" content=\"fr_FR\" \/>\n<meta property=\"og:type\" content=\"article\" \/>\n<meta property=\"og:title\" content=\"Coop\u00e9ration et rapports au travail - Agora D.O.D.E.S.\" \/>\n<meta property=\"og:description\" content=\"\u00c0 l\u2019aube de son bicentenaire, le mouvement coop\u00e9ratif conna\u00eet un regain d\u2019int\u00e9r\u00eat. Souvent pr\u00e9sent\u00e9 comme une alternative face aux d\u00e9fis du capitalisme lib\u00e9ral, de la d\u00e9mocratie contemporaine et des conditions de travail, il a \u00e9volu\u00e9 et se diversifie rapidement. De nombreux chercheurs et praticiens anticipent que la coop\u00e9ration deviendra la norme de demain. Cependant, la coop\u00e9ration soul\u00e8ve de nombreuses questions pour les chercheurs et les professionnels. Elle transforme et complexifie les relations entre les travailleurs et leur propre travail. Cet atelier a pour objectif de favoriser un \u00e9change et une r\u00e9flexion collective sur les liens entre la coop\u00e9ration et les rapports individuels et collectifs au travail. Quels enjeux cela soul\u00e8ve-t-il pour la sociologie de l\u2019entreprise et les sciences de gestion ? Comment pouvons nous analyser ces d\u00e9fis ? Quels cadres d\u2019analyse peut-on mobiliser ? Quelles approches peuvent \u00eatre mises en \u0153uvre pour intervenir dans les coop\u00e9ratives ? Va-t-on vers une \u00ab recherche coop\u00e9rative \u00bb\u00a0?\" \/>\n<meta property=\"og:url\" content=\"https:\/\/agora-dodes.fr\/2024\/08\/08\/cooperation-et-rapports-au-travail\/\" \/>\n<meta property=\"og:site_name\" content=\"Agora D.O.D.E.S.\" \/>\n<meta property=\"article:published_time\" content=\"2024-08-08T06:54:00+00:00\" \/>\n<meta property=\"article:modified_time\" content=\"2024-08-02T06:55:07+00:00\" \/>\n<meta property=\"og:image\" content=\"https:\/\/agora-dodes.fr\/wp-content\/uploads\/2024\/07\/Cnam-Paris.jpg\" \/>\n\t<meta property=\"og:image:width\" content=\"1190\" \/>\n\t<meta property=\"og:image:height\" content=\"666\" \/>\n\t<meta property=\"og:image:type\" content=\"image\/jpeg\" \/>\n<meta name=\"author\" content=\"Corentin Gombert\" \/>\n<meta name=\"twitter:card\" content=\"summary_large_image\" \/>\n<meta name=\"twitter:label1\" content=\"\u00c9crit par\" \/>\n\t<meta name=\"twitter:data1\" content=\"Corentin Gombert\" \/>\n<script type=\"application\/ld+json\" class=\"yoast-schema-graph\">{\"@context\":\"https:\/\/schema.org\",\"@graph\":[{\"@type\":\"Article\",\"@id\":\"https:\/\/agora-dodes.fr\/2024\/08\/08\/cooperation-et-rapports-au-travail\/#article\",\"isPartOf\":{\"@id\":\"https:\/\/agora-dodes.fr\/2024\/08\/08\/cooperation-et-rapports-au-travail\/\"},\"author\":{\"name\":\"Corentin Gombert\",\"@id\":\"https:\/\/agora-dodes.fr\/#\/schema\/person\/f15d4c72ceb418863c3037a49606beb6\"},\"headline\":\"Coop\u00e9ration et rapports au travail\",\"datePublished\":\"2024-08-08T06:54:00+00:00\",\"dateModified\":\"2024-08-02T06:55:07+00:00\",\"mainEntityOfPage\":{\"@id\":\"https:\/\/agora-dodes.fr\/2024\/08\/08\/cooperation-et-rapports-au-travail\/\"},\"wordCount\":6,\"commentCount\":0,\"publisher\":{\"@id\":\"https:\/\/agora-dodes.fr\/#organization\"},\"image\":{\"@id\":\"https:\/\/agora-dodes.fr\/2024\/08\/08\/cooperation-et-rapports-au-travail\/#primaryimage\"},\"thumbnailUrl\":\"https:\/\/agora-dodes.fr\/wp-content\/uploads\/2024\/07\/Cnam-Paris.jpg\",\"articleSection\":[\"Article\",\"Vid\u00e9o\"],\"inLanguage\":\"fr-FR\",\"potentialAction\":[{\"@type\":\"CommentAction\",\"name\":\"Comment\",\"target\":[\"https:\/\/agora-dodes.fr\/2024\/08\/08\/cooperation-et-rapports-au-travail\/#respond\"]}]},{\"@type\":\"WebPage\",\"@id\":\"https:\/\/agora-dodes.fr\/2024\/08\/08\/cooperation-et-rapports-au-travail\/\",\"url\":\"https:\/\/agora-dodes.fr\/2024\/08\/08\/cooperation-et-rapports-au-travail\/\",\"name\":\"Coop\u00e9ration et rapports au travail - Agora D.O.D.E.S.\",\"isPartOf\":{\"@id\":\"https:\/\/agora-dodes.fr\/#website\"},\"primaryImageOfPage\":{\"@id\":\"https:\/\/agora-dodes.fr\/2024\/08\/08\/cooperation-et-rapports-au-travail\/#primaryimage\"},\"image\":{\"@id\":\"https:\/\/agora-dodes.fr\/2024\/08\/08\/cooperation-et-rapports-au-travail\/#primaryimage\"},\"thumbnailUrl\":\"https:\/\/agora-dodes.fr\/wp-content\/uploads\/2024\/07\/Cnam-Paris.jpg\",\"datePublished\":\"2024-08-08T06:54:00+00:00\",\"dateModified\":\"2024-08-02T06:55:07+00:00\",\"breadcrumb\":{\"@id\":\"https:\/\/agora-dodes.fr\/2024\/08\/08\/cooperation-et-rapports-au-travail\/#breadcrumb\"},\"inLanguage\":\"fr-FR\",\"potentialAction\":[{\"@type\":\"ReadAction\",\"target\":[\"https:\/\/agora-dodes.fr\/2024\/08\/08\/cooperation-et-rapports-au-travail\/\"]}]},{\"@type\":\"ImageObject\",\"inLanguage\":\"fr-FR\",\"@id\":\"https:\/\/agora-dodes.fr\/2024\/08\/08\/cooperation-et-rapports-au-travail\/#primaryimage\",\"url\":\"https:\/\/agora-dodes.fr\/wp-content\/uploads\/2024\/07\/Cnam-Paris.jpg\",\"contentUrl\":\"https:\/\/agora-dodes.fr\/wp-content\/uploads\/2024\/07\/Cnam-Paris.jpg\",\"width\":1190,\"height\":666},{\"@type\":\"BreadcrumbList\",\"@id\":\"https:\/\/agora-dodes.fr\/2024\/08\/08\/cooperation-et-rapports-au-travail\/#breadcrumb\",\"itemListElement\":[{\"@type\":\"ListItem\",\"position\":1,\"name\":\"Accueil\",\"item\":\"https:\/\/agora-dodes.fr\/\"},{\"@type\":\"ListItem\",\"position\":2,\"name\":\"Coop\u00e9ration et rapports au travail\"}]},{\"@type\":\"WebSite\",\"@id\":\"https:\/\/agora-dodes.fr\/#website\",\"url\":\"https:\/\/agora-dodes.fr\/\",\"name\":\"Agora D.O.D.E.S.\",\"description\":\"Dynamiques et Organisations de la D\u00e9mocratie Economique et Sociale\",\"publisher\":{\"@id\":\"https:\/\/agora-dodes.fr\/#organization\"},\"potentialAction\":[{\"@type\":\"SearchAction\",\"target\":{\"@type\":\"EntryPoint\",\"urlTemplate\":\"https:\/\/agora-dodes.fr\/?s={search_term_string}\"},\"query-input\":\"required name=search_term_string\"}],\"inLanguage\":\"fr-FR\"},{\"@type\":\"Organization\",\"@id\":\"https:\/\/agora-dodes.fr\/#organization\",\"name\":\"Agora D.O.D.E.S.\",\"url\":\"https:\/\/agora-dodes.fr\/\",\"logo\":{\"@type\":\"ImageObject\",\"inLanguage\":\"fr-FR\",\"@id\":\"https:\/\/agora-dodes.fr\/#\/schema\/logo\/image\/\",\"url\":\"https:\/\/agora-dodes.fr\/wp-content\/uploads\/2024\/07\/AGORA-DODES-Logo-1.png\",\"contentUrl\":\"https:\/\/agora-dodes.fr\/wp-content\/uploads\/2024\/07\/AGORA-DODES-Logo-1.png\",\"width\":1500,\"height\":1500,\"caption\":\"Agora D.O.D.E.S.\"},\"image\":{\"@id\":\"https:\/\/agora-dodes.fr\/#\/schema\/logo\/image\/\"},\"sameAs\":[\"https:\/\/www.linkedin.com\/company\/agora-dodes\"]},{\"@type\":\"Person\",\"@id\":\"https:\/\/agora-dodes.fr\/#\/schema\/person\/f15d4c72ceb418863c3037a49606beb6\",\"name\":\"Corentin Gombert\",\"image\":{\"@type\":\"ImageObject\",\"inLanguage\":\"fr-FR\",\"@id\":\"https:\/\/agora-dodes.fr\/#\/schema\/person\/image\/\",\"url\":\"https:\/\/secure.gravatar.com\/avatar\/592aa9fa0d0596b8c3297e3565f9d114b0d07d8ab76c9a65e66da09b3bda5e92?s=96&d=wavatar&r=g\",\"contentUrl\":\"https:\/\/secure.gravatar.com\/avatar\/592aa9fa0d0596b8c3297e3565f9d114b0d07d8ab76c9a65e66da09b3bda5e92?s=96&d=wavatar&r=g\",\"caption\":\"Corentin Gombert\"},\"description\":\"Chercheur en Gestion de l'Ecole des Mines de Paris, Coordinateur de l'Agora D.O.D.E.S.\",\"sameAs\":[\"http:\/\/agora-dodes.fr\"],\"url\":\"https:\/\/agora-dodes.fr\/author\/admin2196\/\"}]}<\/script>\n<!-- \/ Yoast SEO plugin. -->","yoast_head_json":{"title":"Coop\u00e9ration et rapports au travail - Agora D.O.D.E.S.","robots":{"index":"index","follow":"follow","max-snippet":"max-snippet:-1","max-image-preview":"max-image-preview:large","max-video-preview":"max-video-preview:-1"},"canonical":"https:\/\/agora-dodes.fr\/2024\/08\/08\/cooperation-et-rapports-au-travail\/","og_locale":"fr_FR","og_type":"article","og_title":"Coop\u00e9ration et rapports au travail - Agora D.O.D.E.S.","og_description":"\u00c0 l\u2019aube de son bicentenaire, le mouvement coop\u00e9ratif conna\u00eet un regain d\u2019int\u00e9r\u00eat. Souvent pr\u00e9sent\u00e9 comme une alternative face aux d\u00e9fis du capitalisme lib\u00e9ral, de la d\u00e9mocratie contemporaine et des conditions de travail, il a \u00e9volu\u00e9 et se diversifie rapidement. De nombreux chercheurs et praticiens anticipent que la coop\u00e9ration deviendra la norme de demain. Cependant, la coop\u00e9ration soul\u00e8ve de nombreuses questions pour les chercheurs et les professionnels. Elle transforme et complexifie les relations entre les travailleurs et leur propre travail. Cet atelier a pour objectif de favoriser un \u00e9change et une r\u00e9flexion collective sur les liens entre la coop\u00e9ration et les rapports individuels et collectifs au travail. Quels enjeux cela soul\u00e8ve-t-il pour la sociologie de l\u2019entreprise et les sciences de gestion ? Comment pouvons nous analyser ces d\u00e9fis ? Quels cadres d\u2019analyse peut-on mobiliser ? Quelles approches peuvent \u00eatre mises en \u0153uvre pour intervenir dans les coop\u00e9ratives ? Va-t-on vers une \u00ab recherche coop\u00e9rative \u00bb\u00a0?","og_url":"https:\/\/agora-dodes.fr\/2024\/08\/08\/cooperation-et-rapports-au-travail\/","og_site_name":"Agora D.O.D.E.S.","article_published_time":"2024-08-08T06:54:00+00:00","article_modified_time":"2024-08-02T06:55:07+00:00","og_image":[{"width":1190,"height":666,"url":"https:\/\/agora-dodes.fr\/wp-content\/uploads\/2024\/07\/Cnam-Paris.jpg","type":"image\/jpeg"}],"author":"Corentin Gombert","twitter_card":"summary_large_image","twitter_misc":{"\u00c9crit par":"Corentin Gombert"},"schema":{"@context":"https:\/\/schema.org","@graph":[{"@type":"Article","@id":"https:\/\/agora-dodes.fr\/2024\/08\/08\/cooperation-et-rapports-au-travail\/#article","isPartOf":{"@id":"https:\/\/agora-dodes.fr\/2024\/08\/08\/cooperation-et-rapports-au-travail\/"},"author":{"name":"Corentin Gombert","@id":"https:\/\/agora-dodes.fr\/#\/schema\/person\/f15d4c72ceb418863c3037a49606beb6"},"headline":"Coop\u00e9ration et rapports au travail","datePublished":"2024-08-08T06:54:00+00:00","dateModified":"2024-08-02T06:55:07+00:00","mainEntityOfPage":{"@id":"https:\/\/agora-dodes.fr\/2024\/08\/08\/cooperation-et-rapports-au-travail\/"},"wordCount":6,"commentCount":0,"publisher":{"@id":"https:\/\/agora-dodes.fr\/#organization"},"image":{"@id":"https:\/\/agora-dodes.fr\/2024\/08\/08\/cooperation-et-rapports-au-travail\/#primaryimage"},"thumbnailUrl":"https:\/\/agora-dodes.fr\/wp-content\/uploads\/2024\/07\/Cnam-Paris.jpg","articleSection":["Article","Vid\u00e9o"],"inLanguage":"fr-FR","potentialAction":[{"@type":"CommentAction","name":"Comment","target":["https:\/\/agora-dodes.fr\/2024\/08\/08\/cooperation-et-rapports-au-travail\/#respond"]}]},{"@type":"WebPage","@id":"https:\/\/agora-dodes.fr\/2024\/08\/08\/cooperation-et-rapports-au-travail\/","url":"https:\/\/agora-dodes.fr\/2024\/08\/08\/cooperation-et-rapports-au-travail\/","name":"Coop\u00e9ration et rapports au travail - Agora D.O.D.E.S.","isPartOf":{"@id":"https:\/\/agora-dodes.fr\/#website"},"primaryImageOfPage":{"@id":"https:\/\/agora-dodes.fr\/2024\/08\/08\/cooperation-et-rapports-au-travail\/#primaryimage"},"image":{"@id":"https:\/\/agora-dodes.fr\/2024\/08\/08\/cooperation-et-rapports-au-travail\/#primaryimage"},"thumbnailUrl":"https:\/\/agora-dodes.fr\/wp-content\/uploads\/2024\/07\/Cnam-Paris.jpg","datePublished":"2024-08-08T06:54:00+00:00","dateModified":"2024-08-02T06:55:07+00:00","breadcrumb":{"@id":"https:\/\/agora-dodes.fr\/2024\/08\/08\/cooperation-et-rapports-au-travail\/#breadcrumb"},"inLanguage":"fr-FR","potentialAction":[{"@type":"ReadAction","target":["https:\/\/agora-dodes.fr\/2024\/08\/08\/cooperation-et-rapports-au-travail\/"]}]},{"@type":"ImageObject","inLanguage":"fr-FR","@id":"https:\/\/agora-dodes.fr\/2024\/08\/08\/cooperation-et-rapports-au-travail\/#primaryimage","url":"https:\/\/agora-dodes.fr\/wp-content\/uploads\/2024\/07\/Cnam-Paris.jpg","contentUrl":"https:\/\/agora-dodes.fr\/wp-content\/uploads\/2024\/07\/Cnam-Paris.jpg","width":1190,"height":666},{"@type":"BreadcrumbList","@id":"https:\/\/agora-dodes.fr\/2024\/08\/08\/cooperation-et-rapports-au-travail\/#breadcrumb","itemListElement":[{"@type":"ListItem","position":1,"name":"Accueil","item":"https:\/\/agora-dodes.fr\/"},{"@type":"ListItem","position":2,"name":"Coop\u00e9ration et rapports au travail"}]},{"@type":"WebSite","@id":"https:\/\/agora-dodes.fr\/#website","url":"https:\/\/agora-dodes.fr\/","name":"Agora D.O.D.E.S.","description":"Dynamiques et Organisations de la D\u00e9mocratie Economique et Sociale","publisher":{"@id":"https:\/\/agora-dodes.fr\/#organization"},"potentialAction":[{"@type":"SearchAction","target":{"@type":"EntryPoint","urlTemplate":"https:\/\/agora-dodes.fr\/?s={search_term_string}"},"query-input":"required name=search_term_string"}],"inLanguage":"fr-FR"},{"@type":"Organization","@id":"https:\/\/agora-dodes.fr\/#organization","name":"Agora D.O.D.E.S.","url":"https:\/\/agora-dodes.fr\/","logo":{"@type":"ImageObject","inLanguage":"fr-FR","@id":"https:\/\/agora-dodes.fr\/#\/schema\/logo\/image\/","url":"https:\/\/agora-dodes.fr\/wp-content\/uploads\/2024\/07\/AGORA-DODES-Logo-1.png","contentUrl":"https:\/\/agora-dodes.fr\/wp-content\/uploads\/2024\/07\/AGORA-DODES-Logo-1.png","width":1500,"height":1500,"caption":"Agora D.O.D.E.S."},"image":{"@id":"https:\/\/agora-dodes.fr\/#\/schema\/logo\/image\/"},"sameAs":["https:\/\/www.linkedin.com\/company\/agora-dodes"]},{"@type":"Person","@id":"https:\/\/agora-dodes.fr\/#\/schema\/person\/f15d4c72ceb418863c3037a49606beb6","name":"Corentin Gombert","image":{"@type":"ImageObject","inLanguage":"fr-FR","@id":"https:\/\/agora-dodes.fr\/#\/schema\/person\/image\/","url":"https:\/\/secure.gravatar.com\/avatar\/592aa9fa0d0596b8c3297e3565f9d114b0d07d8ab76c9a65e66da09b3bda5e92?s=96&d=wavatar&r=g","contentUrl":"https:\/\/secure.gravatar.com\/avatar\/592aa9fa0d0596b8c3297e3565f9d114b0d07d8ab76c9a65e66da09b3bda5e92?s=96&d=wavatar&r=g","caption":"Corentin Gombert"},"description":"Chercheur en Gestion de l'Ecole des Mines de Paris, Coordinateur de l'Agora D.O.D.E.S.","sameAs":["http:\/\/agora-dodes.fr"],"url":"https:\/\/agora-dodes.fr\/author\/admin2196\/"}]}},"_links":{"self":[{"href":"https:\/\/agora-dodes.fr\/wp-json\/wp\/v2\/posts\/570","targetHints":{"allow":["GET"]}}],"collection":[{"href":"https:\/\/agora-dodes.fr\/wp-json\/wp\/v2\/posts"}],"about":[{"href":"https:\/\/agora-dodes.fr\/wp-json\/wp\/v2\/types\/post"}],"author":[{"embeddable":true,"href":"https:\/\/agora-dodes.fr\/wp-json\/wp\/v2\/users\/1"}],"replies":[{"embeddable":true,"href":"https:\/\/agora-dodes.fr\/wp-json\/wp\/v2\/comments?post=570"}],"version-history":[{"count":3,"href":"https:\/\/agora-dodes.fr\/wp-json\/wp\/v2\/posts\/570\/revisions"}],"predecessor-version":[{"id":575,"href":"https:\/\/agora-dodes.fr\/wp-json\/wp\/v2\/posts\/570\/revisions\/575"}],"wp:featuredmedia":[{"embeddable":true,"href":"https:\/\/agora-dodes.fr\/wp-json\/wp\/v2\/media\/349"}],"wp:attachment":[{"href":"https:\/\/agora-dodes.fr\/wp-json\/wp\/v2\/media?parent=570"}],"wp:term":[{"taxonomy":"category","embeddable":true,"href":"https:\/\/agora-dodes.fr\/wp-json\/wp\/v2\/categories?post=570"},{"taxonomy":"post_tag","embeddable":true,"href":"https:\/\/agora-dodes.fr\/wp-json\/wp\/v2\/tags?post=570"},{"taxonomy":"dipi_cpt_category","embeddable":true,"href":"https:\/\/agora-dodes.fr\/wp-json\/wp\/v2\/dipi_cpt_category?post=570"}],"curies":[{"name":"wp","href":"https:\/\/api.w.org\/{rel}","templated":true}]}}