{"id":2594,"date":"2026-04-27T11:57:14","date_gmt":"2026-04-27T09:57:14","guid":{"rendered":"https:\/\/agora-dodes.fr\/?p=2594"},"modified":"2026-04-27T11:57:14","modified_gmt":"2026-04-27T09:57:14","slug":"impact-tank-democratiser-lentreprise-impacts-sociaux-dynamiques-collectives","status":"publish","type":"post","link":"https:\/\/agora-dodes.fr\/index.php\/2026\/04\/27\/impact-tank-democratiser-lentreprise-impacts-sociaux-dynamiques-collectives\/","title":{"rendered":"Impact Tank : D\u00e9mocratiser l&rsquo;entreprise : impacts sociaux &#038; dynamiques collectives"},"content":{"rendered":"<p>Loin d&rsquo;\u00eatre un sujet confidentiel, la d\u00e9mocratie en entreprise s\u2019impose d\u00e9sormais comme une n\u00e9cessit\u00e9 strat\u00e9gique. Alors que les initiatives se multiplient partout en France, le nouveau rapport de l\u2019Impact Tank vient consolider cette dynamique.<\/p>\n","protected":false},"excerpt":{"rendered":"<p>Loin d&rsquo;\u00eatre un sujet confidentiel, la d\u00e9mocratie en entreprise s\u2019impose d\u00e9sormais comme une n\u00e9cessit\u00e9 strat\u00e9gique. Alors que les initiatives se multiplient partout en France, le nouveau rapport de l\u2019Impact Tank [&hellip;]<\/p>\n","protected":false},"author":1,"featured_media":2595,"comment_status":"open","ping_status":"open","sticky":false,"template":"","format":"standard","meta":{"_acf_changed":false,"_et_pb_use_builder":"","_et_pb_old_content":"","_et_gb_content_width":"","_monsterinsights_skip_tracking":false,"_monsterinsights_sitenote_active":false,"_monsterinsights_sitenote_note":"","_monsterinsights_sitenote_category":0,"_uf_show_specific_survey":0,"_uf_disable_surveys":false,"_price":"","_stock":"","_tribe_ticket_header":"","_tribe_default_ticket_provider":"","_tribe_ticket_capacity":"0","_ticket_start_date":"","_ticket_end_date":"","_tribe_ticket_show_description":"","_tribe_ticket_show_not_going":false,"_tribe_ticket_use_global_stock":"","_tribe_ticket_global_stock_level":"","_global_stock_mode":"","_global_stock_cap":"","_tribe_rsvp_for_event":"","_tribe_ticket_going_count":"","_tribe_ticket_not_going_count":"","_tribe_tickets_list":"[]","_tribe_ticket_has_attendee_info_fields":false,"footnotes":""},"categories":[9],"tags":[],"dipi_cpt_category":[],"class_list":["post-2594","post","type-post","status-publish","format-standard","has-post-thumbnail","hentry","category-article"],"acf":[],"aioseo_notices":[],"yoast_head":"<!-- This site is optimized with the Yoast SEO plugin v23.2 - https:\/\/yoast.com\/wordpress\/plugins\/seo\/ -->\n<title>Impact Tank : D\u00e9mocratiser l&#039;entreprise : impacts sociaux &amp; dynamiques collectives - Agora D.O.D.E.S.<\/title>\n<meta name=\"robots\" content=\"index, follow, max-snippet:-1, max-image-preview:large, max-video-preview:-1\" \/>\n<link rel=\"canonical\" href=\"https:\/\/agora-dodes.fr\/?p=2594\" \/>\n<meta property=\"og:locale\" content=\"fr_FR\" \/>\n<meta property=\"og:type\" content=\"article\" \/>\n<meta property=\"og:title\" content=\"Impact Tank : D\u00e9mocratiser l&#039;entreprise : impacts sociaux &amp; dynamiques collectives - Agora D.O.D.E.S.\" \/>\n<meta property=\"og:description\" content=\"Loin d&rsquo;\u00eatre un sujet confidentiel, la d\u00e9mocratie en entreprise s\u2019impose d\u00e9sormais comme une n\u00e9cessit\u00e9 strat\u00e9gique. Alors que les initiatives se multiplient partout en France, le nouveau rapport de l\u2019Impact Tank [&hellip;]\" \/>\n<meta property=\"og:url\" content=\"https:\/\/agora-dodes.fr\/?p=2594\" \/>\n<meta property=\"og:site_name\" content=\"Agora D.O.D.E.S.\" \/>\n<meta property=\"article:published_time\" content=\"2026-04-27T09:57:14+00:00\" \/>\n<meta name=\"author\" content=\"Corentin Gombert\" \/>\n<meta name=\"twitter:card\" content=\"summary_large_image\" \/>\n<meta name=\"twitter:label1\" content=\"\u00c9crit par\" \/>\n\t<meta name=\"twitter:data1\" content=\"Corentin Gombert\" \/>\n<script type=\"application\/ld+json\" class=\"yoast-schema-graph\">{\"@context\":\"https:\/\/schema.org\",\"@graph\":[{\"@type\":\"Article\",\"@id\":\"https:\/\/agora-dodes.fr\/?p=2594#article\",\"isPartOf\":{\"@id\":\"https:\/\/agora-dodes.fr\/?p=2594\"},\"author\":{\"name\":\"Corentin Gombert\",\"@id\":\"https:\/\/agora-dodes.fr\/#\/schema\/person\/f15d4c72ceb418863c3037a49606beb6\"},\"headline\":\"Impact Tank : D\u00e9mocratiser l&rsquo;entreprise : impacts sociaux &#038; dynamiques collectives\",\"datePublished\":\"2026-04-27T09:57:14+00:00\",\"dateModified\":\"2026-04-27T09:57:14+00:00\",\"mainEntityOfPage\":{\"@id\":\"https:\/\/agora-dodes.fr\/?p=2594\"},\"wordCount\":50,\"commentCount\":0,\"publisher\":{\"@id\":\"https:\/\/agora-dodes.fr\/#organization\"},\"image\":{\"@id\":\"https:\/\/agora-dodes.fr\/?p=2594#primaryimage\"},\"thumbnailUrl\":\"https:\/\/agora-dodes.fr\/wp-content\/uploads\/2026\/04\/IMG_0001.png\",\"articleSection\":[\"Article\"],\"inLanguage\":\"fr-FR\",\"potentialAction\":[{\"@type\":\"CommentAction\",\"name\":\"Comment\",\"target\":[\"https:\/\/agora-dodes.fr\/?p=2594#respond\"]}]},{\"@type\":\"WebPage\",\"@id\":\"https:\/\/agora-dodes.fr\/?p=2594\",\"url\":\"https:\/\/agora-dodes.fr\/?p=2594\",\"name\":\"Impact Tank : D\u00e9mocratiser l'entreprise : impacts sociaux & dynamiques collectives - Agora D.O.D.E.S.\",\"isPartOf\":{\"@id\":\"https:\/\/agora-dodes.fr\/#website\"},\"primaryImageOfPage\":{\"@id\":\"https:\/\/agora-dodes.fr\/?p=2594#primaryimage\"},\"image\":{\"@id\":\"https:\/\/agora-dodes.fr\/?p=2594#primaryimage\"},\"thumbnailUrl\":\"https:\/\/agora-dodes.fr\/wp-content\/uploads\/2026\/04\/IMG_0001.png\",\"datePublished\":\"2026-04-27T09:57:14+00:00\",\"dateModified\":\"2026-04-27T09:57:14+00:00\",\"breadcrumb\":{\"@id\":\"https:\/\/agora-dodes.fr\/?p=2594#breadcrumb\"},\"inLanguage\":\"fr-FR\",\"potentialAction\":[{\"@type\":\"ReadAction\",\"target\":[\"https:\/\/agora-dodes.fr\/?p=2594\"]}]},{\"@type\":\"ImageObject\",\"inLanguage\":\"fr-FR\",\"@id\":\"https:\/\/agora-dodes.fr\/?p=2594#primaryimage\",\"url\":\"https:\/\/agora-dodes.fr\/wp-content\/uploads\/2026\/04\/IMG_0001.png\",\"contentUrl\":\"https:\/\/agora-dodes.fr\/wp-content\/uploads\/2026\/04\/IMG_0001.png\",\"width\":1200,\"height\":1697},{\"@type\":\"BreadcrumbList\",\"@id\":\"https:\/\/agora-dodes.fr\/?p=2594#breadcrumb\",\"itemListElement\":[{\"@type\":\"ListItem\",\"position\":1,\"name\":\"Accueil\",\"item\":\"https:\/\/agora-dodes.fr\/\"},{\"@type\":\"ListItem\",\"position\":2,\"name\":\"Impact Tank : D\u00e9mocratiser l&rsquo;entreprise : impacts sociaux &#038; dynamiques collectives\"}]},{\"@type\":\"WebSite\",\"@id\":\"https:\/\/agora-dodes.fr\/#website\",\"url\":\"https:\/\/agora-dodes.fr\/\",\"name\":\"Agora D.O.D.E.S.\",\"description\":\"Dynamiques et Organisations de la D\u00e9mocratie Economique et Sociale\",\"publisher\":{\"@id\":\"https:\/\/agora-dodes.fr\/#organization\"},\"potentialAction\":[{\"@type\":\"SearchAction\",\"target\":{\"@type\":\"EntryPoint\",\"urlTemplate\":\"https:\/\/agora-dodes.fr\/?s={search_term_string}\"},\"query-input\":\"required name=search_term_string\"}],\"inLanguage\":\"fr-FR\"},{\"@type\":\"Organization\",\"@id\":\"https:\/\/agora-dodes.fr\/#organization\",\"name\":\"Agora D.O.D.E.S.\",\"url\":\"https:\/\/agora-dodes.fr\/\",\"logo\":{\"@type\":\"ImageObject\",\"inLanguage\":\"fr-FR\",\"@id\":\"https:\/\/agora-dodes.fr\/#\/schema\/logo\/image\/\",\"url\":\"https:\/\/agora-dodes.fr\/wp-content\/uploads\/2024\/07\/AGORA-DODES-Logo-1.png\",\"contentUrl\":\"https:\/\/agora-dodes.fr\/wp-content\/uploads\/2024\/07\/AGORA-DODES-Logo-1.png\",\"width\":1500,\"height\":1500,\"caption\":\"Agora D.O.D.E.S.\"},\"image\":{\"@id\":\"https:\/\/agora-dodes.fr\/#\/schema\/logo\/image\/\"},\"sameAs\":[\"https:\/\/www.linkedin.com\/company\/agora-dodes\"]},{\"@type\":\"Person\",\"@id\":\"https:\/\/agora-dodes.fr\/#\/schema\/person\/f15d4c72ceb418863c3037a49606beb6\",\"name\":\"Corentin Gombert\",\"image\":{\"@type\":\"ImageObject\",\"inLanguage\":\"fr-FR\",\"@id\":\"https:\/\/agora-dodes.fr\/#\/schema\/person\/image\/\",\"url\":\"https:\/\/secure.gravatar.com\/avatar\/592aa9fa0d0596b8c3297e3565f9d114b0d07d8ab76c9a65e66da09b3bda5e92?s=96&d=wavatar&r=g\",\"contentUrl\":\"https:\/\/secure.gravatar.com\/avatar\/592aa9fa0d0596b8c3297e3565f9d114b0d07d8ab76c9a65e66da09b3bda5e92?s=96&d=wavatar&r=g\",\"caption\":\"Corentin Gombert\"},\"description\":\"Chercheur en Gestion de l'Ecole des Mines de Paris, Coordinateur de l'Agora D.O.D.E.S.\",\"sameAs\":[\"http:\/\/agora-dodes.fr\"],\"url\":\"https:\/\/agora-dodes.fr\/index.php\/author\/admin2196\/\"}]}<\/script>\n<!-- \/ Yoast SEO plugin. -->","yoast_head_json":{"title":"Impact Tank : D\u00e9mocratiser l'entreprise : impacts sociaux & dynamiques collectives - Agora D.O.D.E.S.","robots":{"index":"index","follow":"follow","max-snippet":"max-snippet:-1","max-image-preview":"max-image-preview:large","max-video-preview":"max-video-preview:-1"},"canonical":"https:\/\/agora-dodes.fr\/?p=2594","og_locale":"fr_FR","og_type":"article","og_title":"Impact Tank : D\u00e9mocratiser l'entreprise : impacts sociaux & dynamiques collectives - Agora D.O.D.E.S.","og_description":"Loin d&rsquo;\u00eatre un sujet confidentiel, la d\u00e9mocratie en entreprise s\u2019impose d\u00e9sormais comme une n\u00e9cessit\u00e9 strat\u00e9gique. Alors que les initiatives se multiplient partout en France, le nouveau rapport de l\u2019Impact Tank [&hellip;]","og_url":"https:\/\/agora-dodes.fr\/?p=2594","og_site_name":"Agora D.O.D.E.S.","article_published_time":"2026-04-27T09:57:14+00:00","author":"Corentin Gombert","twitter_card":"summary_large_image","twitter_misc":{"\u00c9crit par":"Corentin Gombert"},"schema":{"@context":"https:\/\/schema.org","@graph":[{"@type":"Article","@id":"https:\/\/agora-dodes.fr\/?p=2594#article","isPartOf":{"@id":"https:\/\/agora-dodes.fr\/?p=2594"},"author":{"name":"Corentin Gombert","@id":"https:\/\/agora-dodes.fr\/#\/schema\/person\/f15d4c72ceb418863c3037a49606beb6"},"headline":"Impact Tank : D\u00e9mocratiser l&rsquo;entreprise : impacts sociaux &#038; dynamiques collectives","datePublished":"2026-04-27T09:57:14+00:00","dateModified":"2026-04-27T09:57:14+00:00","mainEntityOfPage":{"@id":"https:\/\/agora-dodes.fr\/?p=2594"},"wordCount":50,"commentCount":0,"publisher":{"@id":"https:\/\/agora-dodes.fr\/#organization"},"image":{"@id":"https:\/\/agora-dodes.fr\/?p=2594#primaryimage"},"thumbnailUrl":"https:\/\/agora-dodes.fr\/wp-content\/uploads\/2026\/04\/IMG_0001.png","articleSection":["Article"],"inLanguage":"fr-FR","potentialAction":[{"@type":"CommentAction","name":"Comment","target":["https:\/\/agora-dodes.fr\/?p=2594#respond"]}]},{"@type":"WebPage","@id":"https:\/\/agora-dodes.fr\/?p=2594","url":"https:\/\/agora-dodes.fr\/?p=2594","name":"Impact Tank : D\u00e9mocratiser l'entreprise : impacts sociaux & dynamiques collectives - Agora D.O.D.E.S.","isPartOf":{"@id":"https:\/\/agora-dodes.fr\/#website"},"primaryImageOfPage":{"@id":"https:\/\/agora-dodes.fr\/?p=2594#primaryimage"},"image":{"@id":"https:\/\/agora-dodes.fr\/?p=2594#primaryimage"},"thumbnailUrl":"https:\/\/agora-dodes.fr\/wp-content\/uploads\/2026\/04\/IMG_0001.png","datePublished":"2026-04-27T09:57:14+00:00","dateModified":"2026-04-27T09:57:14+00:00","breadcrumb":{"@id":"https:\/\/agora-dodes.fr\/?p=2594#breadcrumb"},"inLanguage":"fr-FR","potentialAction":[{"@type":"ReadAction","target":["https:\/\/agora-dodes.fr\/?p=2594"]}]},{"@type":"ImageObject","inLanguage":"fr-FR","@id":"https:\/\/agora-dodes.fr\/?p=2594#primaryimage","url":"https:\/\/agora-dodes.fr\/wp-content\/uploads\/2026\/04\/IMG_0001.png","contentUrl":"https:\/\/agora-dodes.fr\/wp-content\/uploads\/2026\/04\/IMG_0001.png","width":1200,"height":1697},{"@type":"BreadcrumbList","@id":"https:\/\/agora-dodes.fr\/?p=2594#breadcrumb","itemListElement":[{"@type":"ListItem","position":1,"name":"Accueil","item":"https:\/\/agora-dodes.fr\/"},{"@type":"ListItem","position":2,"name":"Impact Tank : D\u00e9mocratiser l&rsquo;entreprise : impacts sociaux &#038; dynamiques collectives"}]},{"@type":"WebSite","@id":"https:\/\/agora-dodes.fr\/#website","url":"https:\/\/agora-dodes.fr\/","name":"Agora D.O.D.E.S.","description":"Dynamiques et Organisations de la D\u00e9mocratie Economique et Sociale","publisher":{"@id":"https:\/\/agora-dodes.fr\/#organization"},"potentialAction":[{"@type":"SearchAction","target":{"@type":"EntryPoint","urlTemplate":"https:\/\/agora-dodes.fr\/?s={search_term_string}"},"query-input":"required name=search_term_string"}],"inLanguage":"fr-FR"},{"@type":"Organization","@id":"https:\/\/agora-dodes.fr\/#organization","name":"Agora D.O.D.E.S.","url":"https:\/\/agora-dodes.fr\/","logo":{"@type":"ImageObject","inLanguage":"fr-FR","@id":"https:\/\/agora-dodes.fr\/#\/schema\/logo\/image\/","url":"https:\/\/agora-dodes.fr\/wp-content\/uploads\/2024\/07\/AGORA-DODES-Logo-1.png","contentUrl":"https:\/\/agora-dodes.fr\/wp-content\/uploads\/2024\/07\/AGORA-DODES-Logo-1.png","width":1500,"height":1500,"caption":"Agora D.O.D.E.S."},"image":{"@id":"https:\/\/agora-dodes.fr\/#\/schema\/logo\/image\/"},"sameAs":["https:\/\/www.linkedin.com\/company\/agora-dodes"]},{"@type":"Person","@id":"https:\/\/agora-dodes.fr\/#\/schema\/person\/f15d4c72ceb418863c3037a49606beb6","name":"Corentin Gombert","image":{"@type":"ImageObject","inLanguage":"fr-FR","@id":"https:\/\/agora-dodes.fr\/#\/schema\/person\/image\/","url":"https:\/\/secure.gravatar.com\/avatar\/592aa9fa0d0596b8c3297e3565f9d114b0d07d8ab76c9a65e66da09b3bda5e92?s=96&d=wavatar&r=g","contentUrl":"https:\/\/secure.gravatar.com\/avatar\/592aa9fa0d0596b8c3297e3565f9d114b0d07d8ab76c9a65e66da09b3bda5e92?s=96&d=wavatar&r=g","caption":"Corentin Gombert"},"description":"Chercheur en Gestion de l'Ecole des Mines de Paris, Coordinateur de l'Agora D.O.D.E.S.","sameAs":["http:\/\/agora-dodes.fr"],"url":"https:\/\/agora-dodes.fr\/index.php\/author\/admin2196\/"}]}},"_links":{"self":[{"href":"https:\/\/agora-dodes.fr\/index.php\/wp-json\/wp\/v2\/posts\/2594","targetHints":{"allow":["GET"]}}],"collection":[{"href":"https:\/\/agora-dodes.fr\/index.php\/wp-json\/wp\/v2\/posts"}],"about":[{"href":"https:\/\/agora-dodes.fr\/index.php\/wp-json\/wp\/v2\/types\/post"}],"author":[{"embeddable":true,"href":"https:\/\/agora-dodes.fr\/index.php\/wp-json\/wp\/v2\/users\/1"}],"replies":[{"embeddable":true,"href":"https:\/\/agora-dodes.fr\/index.php\/wp-json\/wp\/v2\/comments?post=2594"}],"version-history":[{"count":0,"href":"https:\/\/agora-dodes.fr\/index.php\/wp-json\/wp\/v2\/posts\/2594\/revisions"}],"wp:featuredmedia":[{"embeddable":true,"href":"https:\/\/agora-dodes.fr\/index.php\/wp-json\/wp\/v2\/media\/2595"}],"wp:attachment":[{"href":"https:\/\/agora-dodes.fr\/index.php\/wp-json\/wp\/v2\/media?parent=2594"}],"wp:term":[{"taxonomy":"category","embeddable":true,"href":"https:\/\/agora-dodes.fr\/index.php\/wp-json\/wp\/v2\/categories?post=2594"},{"taxonomy":"post_tag","embeddable":true,"href":"https:\/\/agora-dodes.fr\/index.php\/wp-json\/wp\/v2\/tags?post=2594"},{"taxonomy":"dipi_cpt_category","embeddable":true,"href":"https:\/\/agora-dodes.fr\/index.php\/wp-json\/wp\/v2\/dipi_cpt_category?post=2594"}],"curies":[{"name":"wp","href":"https:\/\/api.w.org\/{rel}","templated":true}]}}