{"id":2238,"date":"2026-01-01T19:45:18","date_gmt":"2026-01-01T18:45:18","guid":{"rendered":"https:\/\/agora-dodes.fr\/?p=2238"},"modified":"2026-01-01T19:45:18","modified_gmt":"2026-01-01T18:45:18","slug":"proposition-de-loi-visant-a-renforcer-la-democratie-dans-lentreprise","status":"publish","type":"post","link":"https:\/\/agora-dodes.fr\/2026\/01\/01\/proposition-de-loi-visant-a-renforcer-la-democratie-dans-lentreprise\/","title":{"rendered":"Proposition de loi visant \u00e0 renforcer la d\u00e9mocratie dans l&rsquo;entreprise"},"content":{"rendered":"<p>Le 2 d\u00e9cembre 2025, plusieurs d\u00e9put\u00e9s ont d\u00e9pos\u00e9 une <em><strong>proposition de loi visant \u00e0 renforcer la d\u00e9mocratie dans l&rsquo;entreprise\u00a0<\/strong><\/em>\u00e0 l&rsquo;Assembl\u00e9e Nationale.<\/p>\n<p>Cette proposition s&rsquo;appuie sur le pr\u00e9ambule de l&rsquo;article 8 de la constitution (\u00ab\u00a0Tout travailleur participe, par l\u2019interm\u00e9diaire de ses d\u00e9l\u00e9gu\u00e9s, \u00e0 la d\u00e9termination collective des conditions de travail ainsi qu\u2019\u00e0 la gestion des entreprises\u00a0\u00bb) pour repenser la \u00ab\u00a0cod\u00e9termination \u00e0 la Fran\u00e7aise\u00a0\u00bb. Plus pr\u00e9cis\u00e9ment, elle vise \u00e0 instaurer une cod\u00e9termination paritaire dans la gouvernance des entreprises fran\u00e7aises, c\u2019est-\u00e0-dire une \u00e9galit\u00e9 de repr\u00e9sentation entre salari\u00e9s et actionnaires au sein des conseils d\u2019administration et de surveillance.<\/p>\n","protected":false},"excerpt":{"rendered":"<p>Le 2 d\u00e9cembre 2025, plusieurs d\u00e9put\u00e9s ont d\u00e9pos\u00e9 une proposition de loi visant \u00e0 renforcer la d\u00e9mocratie dans l&rsquo;entreprise\u00a0\u00e0 l&rsquo;Assembl\u00e9e Nationale. Cette proposition s&rsquo;appuie sur le pr\u00e9ambule de l&rsquo;article 8 [&hellip;]<\/p>\n","protected":false},"author":1,"featured_media":2241,"comment_status":"open","ping_status":"open","sticky":false,"template":"","format":"standard","meta":{"_acf_changed":false,"_et_pb_use_builder":"","_et_pb_old_content":"","_et_gb_content_width":"","_monsterinsights_skip_tracking":false,"_monsterinsights_sitenote_active":false,"_monsterinsights_sitenote_note":"","_monsterinsights_sitenote_category":0,"_uf_show_specific_survey":0,"_uf_disable_surveys":false,"_price":"","_stock":"","_tribe_ticket_header":"","_tribe_default_ticket_provider":"","_tribe_ticket_capacity":"0","_ticket_start_date":"","_ticket_end_date":"","_tribe_ticket_show_description":"","_tribe_ticket_show_not_going":false,"_tribe_ticket_use_global_stock":"","_tribe_ticket_global_stock_level":"","_global_stock_mode":"","_global_stock_cap":"","_tribe_rsvp_for_event":"","_tribe_ticket_going_count":"","_tribe_ticket_not_going_count":"","_tribe_tickets_list":"[]","_tribe_ticket_has_attendee_info_fields":false,"footnotes":""},"categories":[13],"tags":[],"dipi_cpt_category":[],"class_list":["post-2238","post","type-post","status-publish","format-standard","has-post-thumbnail","hentry","category-annonce"],"acf":[],"aioseo_notices":[],"yoast_head":"<!-- This site is optimized with the Yoast SEO plugin v23.2 - https:\/\/yoast.com\/wordpress\/plugins\/seo\/ -->\n<title>Proposition de loi visant \u00e0 renforcer la d\u00e9mocratie dans l&#039;entreprise - Agora D.O.D.E.S.<\/title>\n<meta name=\"robots\" content=\"index, follow, max-snippet:-1, max-image-preview:large, max-video-preview:-1\" \/>\n<link rel=\"canonical\" href=\"https:\/\/agora-dodes.fr\/2026\/01\/01\/proposition-de-loi-visant-a-renforcer-la-democratie-dans-lentreprise\/\" \/>\n<meta property=\"og:locale\" content=\"fr_FR\" \/>\n<meta property=\"og:type\" content=\"article\" \/>\n<meta property=\"og:title\" content=\"Proposition de loi visant \u00e0 renforcer la d\u00e9mocratie dans l&#039;entreprise - Agora D.O.D.E.S.\" \/>\n<meta property=\"og:description\" content=\"Le 2 d\u00e9cembre 2025, plusieurs d\u00e9put\u00e9s ont d\u00e9pos\u00e9 une proposition de loi visant \u00e0 renforcer la d\u00e9mocratie dans l&rsquo;entreprise\u00a0\u00e0 l&rsquo;Assembl\u00e9e Nationale. Cette proposition s&rsquo;appuie sur le pr\u00e9ambule de l&rsquo;article 8 [&hellip;]\" \/>\n<meta property=\"og:url\" content=\"https:\/\/agora-dodes.fr\/2026\/01\/01\/proposition-de-loi-visant-a-renforcer-la-democratie-dans-lentreprise\/\" \/>\n<meta property=\"og:site_name\" content=\"Agora D.O.D.E.S.\" \/>\n<meta property=\"article:published_time\" content=\"2026-01-01T18:45:18+00:00\" \/>\n<meta property=\"og:image\" content=\"http:\/\/agora-dodes.fr\/wp-content\/uploads\/2026\/01\/Illustration-article-PPL-1080x675-1.png\" \/>\n\t<meta property=\"og:image:width\" content=\"1080\" \/>\n\t<meta property=\"og:image:height\" content=\"675\" \/>\n\t<meta property=\"og:image:type\" content=\"image\/png\" \/>\n<meta name=\"author\" content=\"Corentin Gombert\" \/>\n<meta name=\"twitter:card\" content=\"summary_large_image\" \/>\n<meta name=\"twitter:label1\" content=\"\u00c9crit par\" \/>\n\t<meta name=\"twitter:data1\" content=\"Corentin Gombert\" \/>\n\t<meta name=\"twitter:label2\" content=\"Dur\u00e9e de lecture estim\u00e9e\" \/>\n\t<meta name=\"twitter:data2\" content=\"1 minute\" \/>\n<script type=\"application\/ld+json\" class=\"yoast-schema-graph\">{\"@context\":\"https:\/\/schema.org\",\"@graph\":[{\"@type\":\"Article\",\"@id\":\"https:\/\/agora-dodes.fr\/2026\/01\/01\/proposition-de-loi-visant-a-renforcer-la-democratie-dans-lentreprise\/#article\",\"isPartOf\":{\"@id\":\"https:\/\/agora-dodes.fr\/2026\/01\/01\/proposition-de-loi-visant-a-renforcer-la-democratie-dans-lentreprise\/\"},\"author\":{\"name\":\"Corentin Gombert\",\"@id\":\"https:\/\/agora-dodes.fr\/#\/schema\/person\/f15d4c72ceb418863c3037a49606beb6\"},\"headline\":\"Proposition de loi visant \u00e0 renforcer la d\u00e9mocratie dans l&rsquo;entreprise\",\"datePublished\":\"2026-01-01T18:45:18+00:00\",\"dateModified\":\"2026-01-01T18:45:18+00:00\",\"mainEntityOfPage\":{\"@id\":\"https:\/\/agora-dodes.fr\/2026\/01\/01\/proposition-de-loi-visant-a-renforcer-la-democratie-dans-lentreprise\/\"},\"wordCount\":121,\"commentCount\":0,\"publisher\":{\"@id\":\"https:\/\/agora-dodes.fr\/#organization\"},\"image\":{\"@id\":\"https:\/\/agora-dodes.fr\/2026\/01\/01\/proposition-de-loi-visant-a-renforcer-la-democratie-dans-lentreprise\/#primaryimage\"},\"thumbnailUrl\":\"https:\/\/agora-dodes.fr\/wp-content\/uploads\/2026\/01\/Illustration-article-PPL-1080x675-1.png\",\"articleSection\":[\"Annonce\"],\"inLanguage\":\"fr-FR\",\"potentialAction\":[{\"@type\":\"CommentAction\",\"name\":\"Comment\",\"target\":[\"https:\/\/agora-dodes.fr\/2026\/01\/01\/proposition-de-loi-visant-a-renforcer-la-democratie-dans-lentreprise\/#respond\"]}]},{\"@type\":\"WebPage\",\"@id\":\"https:\/\/agora-dodes.fr\/2026\/01\/01\/proposition-de-loi-visant-a-renforcer-la-democratie-dans-lentreprise\/\",\"url\":\"https:\/\/agora-dodes.fr\/2026\/01\/01\/proposition-de-loi-visant-a-renforcer-la-democratie-dans-lentreprise\/\",\"name\":\"Proposition de loi visant \u00e0 renforcer la d\u00e9mocratie dans l'entreprise - Agora D.O.D.E.S.\",\"isPartOf\":{\"@id\":\"https:\/\/agora-dodes.fr\/#website\"},\"primaryImageOfPage\":{\"@id\":\"https:\/\/agora-dodes.fr\/2026\/01\/01\/proposition-de-loi-visant-a-renforcer-la-democratie-dans-lentreprise\/#primaryimage\"},\"image\":{\"@id\":\"https:\/\/agora-dodes.fr\/2026\/01\/01\/proposition-de-loi-visant-a-renforcer-la-democratie-dans-lentreprise\/#primaryimage\"},\"thumbnailUrl\":\"https:\/\/agora-dodes.fr\/wp-content\/uploads\/2026\/01\/Illustration-article-PPL-1080x675-1.png\",\"datePublished\":\"2026-01-01T18:45:18+00:00\",\"dateModified\":\"2026-01-01T18:45:18+00:00\",\"breadcrumb\":{\"@id\":\"https:\/\/agora-dodes.fr\/2026\/01\/01\/proposition-de-loi-visant-a-renforcer-la-democratie-dans-lentreprise\/#breadcrumb\"},\"inLanguage\":\"fr-FR\",\"potentialAction\":[{\"@type\":\"ReadAction\",\"target\":[\"https:\/\/agora-dodes.fr\/2026\/01\/01\/proposition-de-loi-visant-a-renforcer-la-democratie-dans-lentreprise\/\"]}]},{\"@type\":\"ImageObject\",\"inLanguage\":\"fr-FR\",\"@id\":\"https:\/\/agora-dodes.fr\/2026\/01\/01\/proposition-de-loi-visant-a-renforcer-la-democratie-dans-lentreprise\/#primaryimage\",\"url\":\"https:\/\/agora-dodes.fr\/wp-content\/uploads\/2026\/01\/Illustration-article-PPL-1080x675-1.png\",\"contentUrl\":\"https:\/\/agora-dodes.fr\/wp-content\/uploads\/2026\/01\/Illustration-article-PPL-1080x675-1.png\",\"width\":1080,\"height\":675},{\"@type\":\"BreadcrumbList\",\"@id\":\"https:\/\/agora-dodes.fr\/2026\/01\/01\/proposition-de-loi-visant-a-renforcer-la-democratie-dans-lentreprise\/#breadcrumb\",\"itemListElement\":[{\"@type\":\"ListItem\",\"position\":1,\"name\":\"Accueil\",\"item\":\"https:\/\/agora-dodes.fr\/\"},{\"@type\":\"ListItem\",\"position\":2,\"name\":\"Proposition de loi visant \u00e0 renforcer la d\u00e9mocratie dans l&rsquo;entreprise\"}]},{\"@type\":\"WebSite\",\"@id\":\"https:\/\/agora-dodes.fr\/#website\",\"url\":\"https:\/\/agora-dodes.fr\/\",\"name\":\"Agora D.O.D.E.S.\",\"description\":\"Dynamiques et Organisations de la D\u00e9mocratie Economique et Sociale\",\"publisher\":{\"@id\":\"https:\/\/agora-dodes.fr\/#organization\"},\"potentialAction\":[{\"@type\":\"SearchAction\",\"target\":{\"@type\":\"EntryPoint\",\"urlTemplate\":\"https:\/\/agora-dodes.fr\/?s={search_term_string}\"},\"query-input\":\"required name=search_term_string\"}],\"inLanguage\":\"fr-FR\"},{\"@type\":\"Organization\",\"@id\":\"https:\/\/agora-dodes.fr\/#organization\",\"name\":\"Agora D.O.D.E.S.\",\"url\":\"https:\/\/agora-dodes.fr\/\",\"logo\":{\"@type\":\"ImageObject\",\"inLanguage\":\"fr-FR\",\"@id\":\"https:\/\/agora-dodes.fr\/#\/schema\/logo\/image\/\",\"url\":\"https:\/\/agora-dodes.fr\/wp-content\/uploads\/2024\/07\/AGORA-DODES-Logo-1.png\",\"contentUrl\":\"https:\/\/agora-dodes.fr\/wp-content\/uploads\/2024\/07\/AGORA-DODES-Logo-1.png\",\"width\":1500,\"height\":1500,\"caption\":\"Agora D.O.D.E.S.\"},\"image\":{\"@id\":\"https:\/\/agora-dodes.fr\/#\/schema\/logo\/image\/\"},\"sameAs\":[\"https:\/\/www.linkedin.com\/company\/agora-dodes\"]},{\"@type\":\"Person\",\"@id\":\"https:\/\/agora-dodes.fr\/#\/schema\/person\/f15d4c72ceb418863c3037a49606beb6\",\"name\":\"Corentin Gombert\",\"image\":{\"@type\":\"ImageObject\",\"inLanguage\":\"fr-FR\",\"@id\":\"https:\/\/agora-dodes.fr\/#\/schema\/person\/image\/\",\"url\":\"https:\/\/secure.gravatar.com\/avatar\/592aa9fa0d0596b8c3297e3565f9d114b0d07d8ab76c9a65e66da09b3bda5e92?s=96&d=wavatar&r=g\",\"contentUrl\":\"https:\/\/secure.gravatar.com\/avatar\/592aa9fa0d0596b8c3297e3565f9d114b0d07d8ab76c9a65e66da09b3bda5e92?s=96&d=wavatar&r=g\",\"caption\":\"Corentin Gombert\"},\"description\":\"Chercheur en Gestion de l'Ecole des Mines de Paris, Coordinateur de l'Agora D.O.D.E.S.\",\"sameAs\":[\"http:\/\/agora-dodes.fr\"],\"url\":\"https:\/\/agora-dodes.fr\/author\/admin2196\/\"}]}<\/script>\n<!-- \/ Yoast SEO plugin. -->","yoast_head_json":{"title":"Proposition de loi visant \u00e0 renforcer la d\u00e9mocratie dans l'entreprise - Agora D.O.D.E.S.","robots":{"index":"index","follow":"follow","max-snippet":"max-snippet:-1","max-image-preview":"max-image-preview:large","max-video-preview":"max-video-preview:-1"},"canonical":"https:\/\/agora-dodes.fr\/2026\/01\/01\/proposition-de-loi-visant-a-renforcer-la-democratie-dans-lentreprise\/","og_locale":"fr_FR","og_type":"article","og_title":"Proposition de loi visant \u00e0 renforcer la d\u00e9mocratie dans l'entreprise - Agora D.O.D.E.S.","og_description":"Le 2 d\u00e9cembre 2025, plusieurs d\u00e9put\u00e9s ont d\u00e9pos\u00e9 une proposition de loi visant \u00e0 renforcer la d\u00e9mocratie dans l&rsquo;entreprise\u00a0\u00e0 l&rsquo;Assembl\u00e9e Nationale. Cette proposition s&rsquo;appuie sur le pr\u00e9ambule de l&rsquo;article 8 [&hellip;]","og_url":"https:\/\/agora-dodes.fr\/2026\/01\/01\/proposition-de-loi-visant-a-renforcer-la-democratie-dans-lentreprise\/","og_site_name":"Agora D.O.D.E.S.","article_published_time":"2026-01-01T18:45:18+00:00","og_image":[{"width":1080,"height":675,"url":"http:\/\/agora-dodes.fr\/wp-content\/uploads\/2026\/01\/Illustration-article-PPL-1080x675-1.png","type":"image\/png"}],"author":"Corentin Gombert","twitter_card":"summary_large_image","twitter_misc":{"\u00c9crit par":"Corentin Gombert","Dur\u00e9e de lecture estim\u00e9e":"1 minute"},"schema":{"@context":"https:\/\/schema.org","@graph":[{"@type":"Article","@id":"https:\/\/agora-dodes.fr\/2026\/01\/01\/proposition-de-loi-visant-a-renforcer-la-democratie-dans-lentreprise\/#article","isPartOf":{"@id":"https:\/\/agora-dodes.fr\/2026\/01\/01\/proposition-de-loi-visant-a-renforcer-la-democratie-dans-lentreprise\/"},"author":{"name":"Corentin Gombert","@id":"https:\/\/agora-dodes.fr\/#\/schema\/person\/f15d4c72ceb418863c3037a49606beb6"},"headline":"Proposition de loi visant \u00e0 renforcer la d\u00e9mocratie dans l&rsquo;entreprise","datePublished":"2026-01-01T18:45:18+00:00","dateModified":"2026-01-01T18:45:18+00:00","mainEntityOfPage":{"@id":"https:\/\/agora-dodes.fr\/2026\/01\/01\/proposition-de-loi-visant-a-renforcer-la-democratie-dans-lentreprise\/"},"wordCount":121,"commentCount":0,"publisher":{"@id":"https:\/\/agora-dodes.fr\/#organization"},"image":{"@id":"https:\/\/agora-dodes.fr\/2026\/01\/01\/proposition-de-loi-visant-a-renforcer-la-democratie-dans-lentreprise\/#primaryimage"},"thumbnailUrl":"https:\/\/agora-dodes.fr\/wp-content\/uploads\/2026\/01\/Illustration-article-PPL-1080x675-1.png","articleSection":["Annonce"],"inLanguage":"fr-FR","potentialAction":[{"@type":"CommentAction","name":"Comment","target":["https:\/\/agora-dodes.fr\/2026\/01\/01\/proposition-de-loi-visant-a-renforcer-la-democratie-dans-lentreprise\/#respond"]}]},{"@type":"WebPage","@id":"https:\/\/agora-dodes.fr\/2026\/01\/01\/proposition-de-loi-visant-a-renforcer-la-democratie-dans-lentreprise\/","url":"https:\/\/agora-dodes.fr\/2026\/01\/01\/proposition-de-loi-visant-a-renforcer-la-democratie-dans-lentreprise\/","name":"Proposition de loi visant \u00e0 renforcer la d\u00e9mocratie dans l'entreprise - Agora D.O.D.E.S.","isPartOf":{"@id":"https:\/\/agora-dodes.fr\/#website"},"primaryImageOfPage":{"@id":"https:\/\/agora-dodes.fr\/2026\/01\/01\/proposition-de-loi-visant-a-renforcer-la-democratie-dans-lentreprise\/#primaryimage"},"image":{"@id":"https:\/\/agora-dodes.fr\/2026\/01\/01\/proposition-de-loi-visant-a-renforcer-la-democratie-dans-lentreprise\/#primaryimage"},"thumbnailUrl":"https:\/\/agora-dodes.fr\/wp-content\/uploads\/2026\/01\/Illustration-article-PPL-1080x675-1.png","datePublished":"2026-01-01T18:45:18+00:00","dateModified":"2026-01-01T18:45:18+00:00","breadcrumb":{"@id":"https:\/\/agora-dodes.fr\/2026\/01\/01\/proposition-de-loi-visant-a-renforcer-la-democratie-dans-lentreprise\/#breadcrumb"},"inLanguage":"fr-FR","potentialAction":[{"@type":"ReadAction","target":["https:\/\/agora-dodes.fr\/2026\/01\/01\/proposition-de-loi-visant-a-renforcer-la-democratie-dans-lentreprise\/"]}]},{"@type":"ImageObject","inLanguage":"fr-FR","@id":"https:\/\/agora-dodes.fr\/2026\/01\/01\/proposition-de-loi-visant-a-renforcer-la-democratie-dans-lentreprise\/#primaryimage","url":"https:\/\/agora-dodes.fr\/wp-content\/uploads\/2026\/01\/Illustration-article-PPL-1080x675-1.png","contentUrl":"https:\/\/agora-dodes.fr\/wp-content\/uploads\/2026\/01\/Illustration-article-PPL-1080x675-1.png","width":1080,"height":675},{"@type":"BreadcrumbList","@id":"https:\/\/agora-dodes.fr\/2026\/01\/01\/proposition-de-loi-visant-a-renforcer-la-democratie-dans-lentreprise\/#breadcrumb","itemListElement":[{"@type":"ListItem","position":1,"name":"Accueil","item":"https:\/\/agora-dodes.fr\/"},{"@type":"ListItem","position":2,"name":"Proposition de loi visant \u00e0 renforcer la d\u00e9mocratie dans l&rsquo;entreprise"}]},{"@type":"WebSite","@id":"https:\/\/agora-dodes.fr\/#website","url":"https:\/\/agora-dodes.fr\/","name":"Agora D.O.D.E.S.","description":"Dynamiques et Organisations de la D\u00e9mocratie Economique et Sociale","publisher":{"@id":"https:\/\/agora-dodes.fr\/#organization"},"potentialAction":[{"@type":"SearchAction","target":{"@type":"EntryPoint","urlTemplate":"https:\/\/agora-dodes.fr\/?s={search_term_string}"},"query-input":"required name=search_term_string"}],"inLanguage":"fr-FR"},{"@type":"Organization","@id":"https:\/\/agora-dodes.fr\/#organization","name":"Agora D.O.D.E.S.","url":"https:\/\/agora-dodes.fr\/","logo":{"@type":"ImageObject","inLanguage":"fr-FR","@id":"https:\/\/agora-dodes.fr\/#\/schema\/logo\/image\/","url":"https:\/\/agora-dodes.fr\/wp-content\/uploads\/2024\/07\/AGORA-DODES-Logo-1.png","contentUrl":"https:\/\/agora-dodes.fr\/wp-content\/uploads\/2024\/07\/AGORA-DODES-Logo-1.png","width":1500,"height":1500,"caption":"Agora D.O.D.E.S."},"image":{"@id":"https:\/\/agora-dodes.fr\/#\/schema\/logo\/image\/"},"sameAs":["https:\/\/www.linkedin.com\/company\/agora-dodes"]},{"@type":"Person","@id":"https:\/\/agora-dodes.fr\/#\/schema\/person\/f15d4c72ceb418863c3037a49606beb6","name":"Corentin Gombert","image":{"@type":"ImageObject","inLanguage":"fr-FR","@id":"https:\/\/agora-dodes.fr\/#\/schema\/person\/image\/","url":"https:\/\/secure.gravatar.com\/avatar\/592aa9fa0d0596b8c3297e3565f9d114b0d07d8ab76c9a65e66da09b3bda5e92?s=96&d=wavatar&r=g","contentUrl":"https:\/\/secure.gravatar.com\/avatar\/592aa9fa0d0596b8c3297e3565f9d114b0d07d8ab76c9a65e66da09b3bda5e92?s=96&d=wavatar&r=g","caption":"Corentin Gombert"},"description":"Chercheur en Gestion de l'Ecole des Mines de Paris, Coordinateur de l'Agora D.O.D.E.S.","sameAs":["http:\/\/agora-dodes.fr"],"url":"https:\/\/agora-dodes.fr\/author\/admin2196\/"}]}},"_links":{"self":[{"href":"https:\/\/agora-dodes.fr\/wp-json\/wp\/v2\/posts\/2238","targetHints":{"allow":["GET"]}}],"collection":[{"href":"https:\/\/agora-dodes.fr\/wp-json\/wp\/v2\/posts"}],"about":[{"href":"https:\/\/agora-dodes.fr\/wp-json\/wp\/v2\/types\/post"}],"author":[{"embeddable":true,"href":"https:\/\/agora-dodes.fr\/wp-json\/wp\/v2\/users\/1"}],"replies":[{"embeddable":true,"href":"https:\/\/agora-dodes.fr\/wp-json\/wp\/v2\/comments?post=2238"}],"version-history":[{"count":1,"href":"https:\/\/agora-dodes.fr\/wp-json\/wp\/v2\/posts\/2238\/revisions"}],"predecessor-version":[{"id":2242,"href":"https:\/\/agora-dodes.fr\/wp-json\/wp\/v2\/posts\/2238\/revisions\/2242"}],"wp:featuredmedia":[{"embeddable":true,"href":"https:\/\/agora-dodes.fr\/wp-json\/wp\/v2\/media\/2241"}],"wp:attachment":[{"href":"https:\/\/agora-dodes.fr\/wp-json\/wp\/v2\/media?parent=2238"}],"wp:term":[{"taxonomy":"category","embeddable":true,"href":"https:\/\/agora-dodes.fr\/wp-json\/wp\/v2\/categories?post=2238"},{"taxonomy":"post_tag","embeddable":true,"href":"https:\/\/agora-dodes.fr\/wp-json\/wp\/v2\/tags?post=2238"},{"taxonomy":"dipi_cpt_category","embeddable":true,"href":"https:\/\/agora-dodes.fr\/wp-json\/wp\/v2\/dipi_cpt_category?post=2238"}],"curies":[{"name":"wp","href":"https:\/\/api.w.org\/{rel}","templated":true}]}}