{"id":982,"global_id":"agora-dodes.fr?id=982","global_id_lineage":["agora-dodes.fr?id=982"],"author":"1","status":"publish","date":"2024-09-06 12:51:42","date_utc":"2024-09-06 10:51:42","modified":"2024-09-06 12:53:24","modified_utc":"2024-09-06 10:53:24","url":"https:\/\/agora-dodes.fr\/event\/resiliences-cafe-auto-organisation-1-preferer-les-roles-aux-fiches-de-poste\/","rest_url":"https:\/\/agora-dodes.fr\/wp-json\/tribe\/events\/v1\/events\/982","title":"Resiliences \u2b55\ufe0f Caf\u00e9 auto-organisation #1 &#8211; pr\u00e9f\u00e9rer les r\u00f4les aux fiches de poste","description":"<p>Comment engager davantage ses collaborateurs ? Comment mettre en place une organisation qui favorise la prise d\u2019initiatives et la responsabilisation ? Est-ce vraiment possible dans toutes les entreprises ? Et surtout, comment faire quand je me sens isol\u00e9 dans l\u2019entreprise sur ces sujets ?<\/p>\n<p>Dans un monde toujours plus complexe et incertain, nos organisations pyramidales semblent bien mal adapt\u00e9es. En t\u00e9moigne notre monde du travail qui r\u00e9v\u00e8le un d\u00e9sengagement profond, avec seulement 20% des travailleurs se sentant r\u00e9ellement impliqu\u00e9s dans leur profession. Face \u00e0 la complexit\u00e9 de ces crises, il est urgent d&rsquo;initier une m\u00e9tamorphose profonde, voire radicale de nos modes de vie, de travail, et de production. Il est temps pour les entreprises de repenser leur organisation du travail et de mobiliser autrement leurs ressources.<\/p>","excerpt":"","slug":"resiliences-cafe-auto-organisation-1-preferer-les-roles-aux-fiches-de-poste","image":{"url":"https:\/\/agora-dodes.fr\/wp-content\/uploads\/2024\/09\/https___cdn.evbuc_.com_images_823739289_1859442033933_1_original.png","id":983,"extension":"png","width":940,"height":470,"filesize":83807,"sizes":{"medium":{"width":300,"height":150,"mime-type":"image\/png","filesize":38558,"url":"https:\/\/agora-dodes.fr\/wp-content\/uploads\/2024\/09\/https___cdn.evbuc_.com_images_823739289_1859442033933_1_original-300x150.png"},"thumbnail":{"width":150,"height":150,"mime-type":"image\/png","filesize":18246,"url":"https:\/\/agora-dodes.fr\/wp-content\/uploads\/2024\/09\/https___cdn.evbuc_.com_images_823739289_1859442033933_1_original-150x150.png"},"medium_large":{"width":768,"height":384,"mime-type":"image\/png","filesize":186925,"url":"https:\/\/agora-dodes.fr\/wp-content\/uploads\/2024\/09\/https___cdn.evbuc_.com_images_823739289_1859442033933_1_original-768x384.png"},"et-pb-post-main-image":{"width":400,"height":250,"mime-type":"image\/png","filesize":68511,"url":"https:\/\/agora-dodes.fr\/wp-content\/uploads\/2024\/09\/https___cdn.evbuc_.com_images_823739289_1859442033933_1_original-400x250.png"},"et-pb-portfolio-image":{"width":400,"height":284,"mime-type":"image\/png","filesize":77230,"url":"https:\/\/agora-dodes.fr\/wp-content\/uploads\/2024\/09\/https___cdn.evbuc_.com_images_823739289_1859442033933_1_original-400x284.png"},"et-pb-portfolio-module-image":{"width":510,"height":382,"mime-type":"image\/png","filesize":120443,"url":"https:\/\/agora-dodes.fr\/wp-content\/uploads\/2024\/09\/https___cdn.evbuc_.com_images_823739289_1859442033933_1_original-510x382.png"},"et-pb-gallery-module-image-portrait":{"width":400,"height":470,"mime-type":"image\/png","filesize":83828,"url":"https:\/\/agora-dodes.fr\/wp-content\/uploads\/2024\/09\/https___cdn.evbuc_.com_images_823739289_1859442033933_1_original-400x470.png"},"et-pb-image--responsive--phone":{"width":480,"height":240,"mime-type":"image\/png","filesize":84718,"url":"https:\/\/agora-dodes.fr\/wp-content\/uploads\/2024\/09\/https___cdn.evbuc_.com_images_823739289_1859442033933_1_original-480x240.png"}}},"all_day":false,"start_date":"2024-09-27 13:00:00","start_date_details":{"year":"2024","month":"09","day":"27","hour":"13","minutes":"00","seconds":"00"},"end_date":"2024-09-27 14:00:00","end_date_details":{"year":"2024","month":"09","day":"27","hour":"14","minutes":"00","seconds":"00"},"utc_start_date":"2024-09-27 11:00:00","utc_start_date_details":{"year":"2024","month":"09","day":"27","hour":"11","minutes":"00","seconds":"00"},"utc_end_date":"2024-09-27 12:00:00","utc_end_date_details":{"year":"2024","month":"09","day":"27","hour":"12","minutes":"00","seconds":"00"},"timezone":"Europe\/Paris","timezone_abbr":"CEST","cost":"","cost_details":{"currency_symbol":"","currency_code":"","currency_position":"","values":[]},"website":"https:\/\/resiliences.co\/","show_map":true,"show_map_link":true,"hide_from_listings":false,"sticky":false,"featured":false,"categories":[{"name":"Ev\u00e8nements du r\u00e9seau","slug":"evenements-du-reseau","term_group":0,"term_taxonomy_id":20,"taxonomy":"tribe_events_cat","description":"","parent":0,"count":60,"filter":"raw","id":20,"urls":{"self":"https:\/\/agora-dodes.fr\/wp-json\/tribe\/events\/v1\/categories\/20","collection":"https:\/\/agora-dodes.fr\/wp-json\/tribe\/events\/v1\/categories"}}],"tags":[],"venue":{"id":405,"author":"1","status":"publish","date":"2024-07-31 16:56:39","date_utc":"2024-07-31 14:56:39","modified":"2024-07-31 16:56:39","modified_utc":"2024-07-31 14:56:39","url":"https:\/\/agora-dodes.fr\/lieu\/en-ligne\/","venue":"En ligne","slug":"en-ligne","json_ld":{"@type":"Place","name":"En ligne","description":"","url":"","address":{"@type":"PostalAddress"},"telephone":"","sameAs":""},"show_map":false,"show_map_link":false,"global_id":"agora-dodes.fr?id=405","global_id_lineage":["agora-dodes.fr?id=405"]},"organizer":[{"id":984,"author":"1","status":"publish","date":"2024-09-06 12:51:43","date_utc":"2024-09-06 10:51:43","modified":"2024-09-06 12:51:43","modified_utc":"2024-09-06 10:51:43","url":"https:\/\/agora-dodes.fr\/organisateur\/resiliences\/","organizer":"Resiliences","slug":"resiliences","json_ld":{"@type":"Person","name":"Resiliences","description":"","url":"","telephone":"","email":"","sameAs":""},"global_id":"agora-dodes.fr?id=984","global_id_lineage":["agora-dodes.fr?id=984"]}],"json_ld":{"@context":"http:\/\/schema.org","@type":"Event","name":"Resiliences \u2b55\ufe0f Caf\u00e9 auto-organisation #1 &#8211; pr\u00e9f\u00e9rer les r\u00f4les aux fiches de poste","description":"&lt;p&gt;Comment engager davantage ses collaborateurs ? Comment mettre en place une organisation qui favorise la prise d\u2019initiatives et la responsabilisation ? Est-ce vraiment possible dans toutes les entreprises ? Et [&hellip;]&lt;\/p&gt;\\n","image":"https:\/\/agora-dodes.fr\/wp-content\/uploads\/2024\/09\/https___cdn.evbuc_.com_images_823739289_1859442033933_1_original.png","url":"https:\/\/agora-dodes.fr\/event\/resiliences-cafe-auto-organisation-1-preferer-les-roles-aux-fiches-de-poste\/","eventAttendanceMode":"https:\/\/schema.org\/OfflineEventAttendanceMode","eventStatus":"https:\/\/schema.org\/EventScheduled","startDate":"2024-09-27T13:00:00+02:00","endDate":"2024-09-27T14:00:00+02:00","location":{"@type":"Place","name":"En ligne","description":"","url":"","address":{"@type":"PostalAddress"},"telephone":"","sameAs":""},"organizer":{"@type":"Person","name":"Resiliences","description":"","url":"","telephone":"","email":"","sameAs":""},"performer":"Organization"},"ticketed":false}